{"id":1567,"date":"2023-07-14T07:17:07","date_gmt":"2023-07-14T07:17:07","guid":{"rendered":"https:\/\/asn.help\/?p=1567"},"modified":"2023-07-14T07:17:07","modified_gmt":"2023-07-14T07:17:07","slug":"die-augenabteilung-wurde-eingeweiht","status":"publish","type":"post","link":"https:\/\/asn.help\/?p=1567","title":{"rendered":"Die Augenabteilung wurde eingeweiht"},"content":{"rendered":"\n<figure class=\"wp-block-image size-large\"><a href=\"https:\/\/asn.help\/wp-content\/uploads\/2023\/07\/Augen.jpg\"><img loading=\"lazy\" decoding=\"async\" width=\"1024\" height=\"1024\" src=\"https:\/\/asn.help\/wp-content\/uploads\/2023\/07\/Augen-1024x1024.jpg\" alt=\"\" class=\"wp-image-1568\" srcset=\"https:\/\/asn.help\/wp-content\/uploads\/2023\/07\/Augen-1024x1024.jpg 1024w, https:\/\/asn.help\/wp-content\/uploads\/2023\/07\/Augen-300x300.jpg 300w, https:\/\/asn.help\/wp-content\/uploads\/2023\/07\/Augen-150x150.jpg 150w, https:\/\/asn.help\/wp-content\/uploads\/2023\/07\/Augen-768x768.jpg 768w, https:\/\/asn.help\/wp-content\/uploads\/2023\/07\/Augen-1536x1536.jpg 1536w, https:\/\/asn.help\/wp-content\/uploads\/2023\/07\/Augen.jpg 1564w\" sizes=\"auto, (max-width: 1024px) 100vw, 1024px\" \/><\/a><\/figure>\n\n\n\n<p class=\"has-text-align-center has-medium-font-size\">Am 30.06. war es soweit. Die Augenabteilung am Gesundheitszentrum konnte eingeweiht werden. Was f\u00fcr eine Freude. Im letzten Jahr wurde uns daf\u00fcr eine Spende zur Verf\u00fcgung gestellt.<br><br>Die Anf\u00e4nge (Wasserprojekt) kann man <a href=\"https:\/\/asn.help\/?p=189\">hier<\/a> nachlesen.<\/p>\n\n\n\n<p class=\"has-text-align-center has-medium-font-size\">Allen Spendern ein herzliches vergelt\u00b4s Gott.  Helft uns bitte auch weiter, damit ALLEN Menschen in der Region geholfen werden kann.<\/p>\n","protected":false},"excerpt":{"rendered":"<p>Am 30.06. war es soweit. Die Augenabteilung am Gesundheitszentrum konnte eingeweiht werden. Was f\u00fcr eine Freude. Im letzten Jahr wurde uns daf\u00fcr eine Spende zur Verf\u00fcgung gestellt. Die Anf\u00e4nge (Wasserprojekt) kann man hier nachlesen. Allen Spendern ein herzliches vergelt\u00b4s Gott. Helft uns bitte auch weiter, damit ALLEN Menschen in der Region geholfen werden kann.<\/p>\n","protected":false},"author":3,"featured_media":0,"comment_status":"open","ping_status":"closed","sticky":false,"template":"","format":"standard","meta":{"footnotes":""},"categories":[1],"tags":[],"class_list":["post-1567","post","type-post","status-publish","format-standard","hentry","category-allgemein"],"_links":{"self":[{"href":"https:\/\/asn.help\/index.php?rest_route=\/wp\/v2\/posts\/1567","targetHints":{"allow":["GET"]}}],"collection":[{"href":"https:\/\/asn.help\/index.php?rest_route=\/wp\/v2\/posts"}],"about":[{"href":"https:\/\/asn.help\/index.php?rest_route=\/wp\/v2\/types\/post"}],"author":[{"embeddable":true,"href":"https:\/\/asn.help\/index.php?rest_route=\/wp\/v2\/users\/3"}],"replies":[{"embeddable":true,"href":"https:\/\/asn.help\/index.php?rest_route=%2Fwp%2Fv2%2Fcomments&post=1567"}],"version-history":[{"count":1,"href":"https:\/\/asn.help\/index.php?rest_route=\/wp\/v2\/posts\/1567\/revisions"}],"predecessor-version":[{"id":1569,"href":"https:\/\/asn.help\/index.php?rest_route=\/wp\/v2\/posts\/1567\/revisions\/1569"}],"wp:attachment":[{"href":"https:\/\/asn.help\/index.php?rest_route=%2Fwp%2Fv2%2Fmedia&parent=1567"}],"wp:term":[{"taxonomy":"category","embeddable":true,"href":"https:\/\/asn.help\/index.php?rest_route=%2Fwp%2Fv2%2Fcategories&post=1567"},{"taxonomy":"post_tag","embeddable":true,"href":"https:\/\/asn.help\/index.php?rest_route=%2Fwp%2Fv2%2Ftags&post=1567"}],"curies":[{"name":"wp","href":"https:\/\/api.w.org\/{rel}","templated":true}]}}